{"id":9522,"date":"2021-05-26T11:44:11","date_gmt":"2021-05-26T11:44:11","guid":{"rendered":"http:\/\/myftinia-shkoder.org\/?p=9522"},"modified":"2021-05-29T17:57:36","modified_gmt":"2021-05-29T17:57:36","slug":"bashkebisedim-televiziv-sfidat-e-muslimaneve-shqiptare-ne-perendim","status":"publish","type":"post","link":"https:\/\/myftinia-shkoder.org\/?p=9522","title":{"rendered":"Bashk\u00ebbisedim televiziv: &#8220;Sfidat e musliman\u00ebve shqiptar\u00eb n\u00eb per\u00ebndim&#8221;"},"content":{"rendered":"<p class=\"o9v6fnle cxmmr5t8 oygrvhab hcukyx3x c1et5uql ii04i59q\" style=\"text-align: justify;\">Mbr\u00ebmjen e t\u00eb mart\u00ebs, m\u00eb 25 maj 2021, n\u00eb Tv Star Plus, t\u00eb ftuarit e gazetarit Erzen Koperaj, n\u00eb emisionin \u201cTonight\u201d ishin Imam Muhamed B. Sytari, Myfti i Zon\u00ebs Shkod\u00ebr, Imam Bekim Alimi, Kryetar i Federat\u00ebs Muslimane n\u00eb Zvicr\u00ebn Lindore si dhe Imam Didmar Faja, Kryetar i Komuniteti Musliman Shqiptar n\u00eb Arizona dhe imam i Unitet Islamic Center of Arizona t\u00eb ShBA-s\u00eb, t\u00eb cil\u00ebt diskutuan mbi sfidat e musliman\u00ebve shqiptar\u00eb n\u00eb per\u00ebndim.<\/p>\n<p dir=\"auto\" style=\"text-align: justify;\">Fillimisht, Myftiu shprehu k\u00ebnaq\u00ebsin\u00eb p\u00ebr vizit\u00ebn e imam\u00ebve t\u00eb nderuar nga Zivicra dhe ShBA, t\u00eb cil\u00ebt me pranin\u00eb e tyre n\u00eb Shkod\u00ebr kan\u00eb ndryshuar atmosfer\u00ebn e fetare dhe jo vet\u00ebm, ku p\u00ebrmes aktiviteteve t\u00eb ndryshme t\u00eb organizuara nga Myftinia Shkod\u00ebr, kan\u00eb sjell\u00eb eksperiencat dhe vizionet e tyre, sidat dhe arritjet n\u00eb drejtim t\u00eb thirrjes islame n\u00eb mes t\u00eb besimtar\u00ebve ku ata sh\u00ebrbejn\u00eb, por edhe p\u00ebr rolin e \u00e7muar n\u00eb ruajtjen dhe kultivimin e ndjenj\u00ebs fetare dhe komb\u00ebtare tek brezat e rinj shqiptar\u00eb dhe m\u00eb tej.<\/p>\n<p dir=\"auto\" style=\"text-align: justify;\">Nd\u00ebrsa, t\u00eb ftuarit e nderuar, Imam Alimi dhe Imam Faja gjat\u00eb k\u00ebtij bashk\u00ebbisedimi t\u00eb k\u00ebndsh\u00ebm, q\u00eb u p\u00ebrcoll edhe n\u00eb rrjetet dhe platformat sociale, soll\u00ebn tek teleshikuesit realitetet nga aktivitetet e tyre t\u00eb dobishme islame n\u00eb Zvic\u00ebr dhe n\u00eb Arizona t\u00eb Shteteve t\u00eb Bashkuara, si dhe disa nga sfidat dhe arritjet e tyre n\u00eb k\u00ebto vende, t\u00eb cil\u00ebt p\u00ebrhapin n\u00eb m\u00ebnyr\u00ebn m\u00eb t\u00eb mir\u00eb t\u00eb mundshme Fjal\u00ebn e Zotit dhe besimin islam.<\/p>\n<p dir=\"auto\" style=\"text-align: justify;\">Gjat\u00eb k\u00ebtij emisioni ata treguan edhe p\u00ebr marr\u00ebdh\u00ebniet e mira dhe bashk\u00ebpunuese q\u00eb kan\u00eb me klerik\u00ebt e besimeve t\u00eb tjera fetare, t\u00eb cil\u00ebt s\u00eb bashku kontribuojn\u00eb p\u00ebrmes takimeve dhe veprimtarive n\u00eb ruajtjen e vlerave t\u00eb p\u00ebrbashk\u00ebta njer\u00ebzore.<\/p>\n<p dir=\"auto\" style=\"text-align: justify;\">P\u00ebr m\u00eb tej ju ftojm\u00eb t\u00eb klikoni linkun (videon) e m\u00ebposhtme p\u00ebr t\u00eb ndjekur t\u00eb plot\u00eb emisionin televiziv:<\/p>\n<div class=\"o9v6fnle cxmmr5t8 oygrvhab hcukyx3x c1et5uql ii04i59q\">\n<p dir=\"auto\" style=\"text-align: justify;\">(<a class=\"oajrlxb2 g5ia77u1 qu0x051f esr5mh6w e9989ue4 r7d6kgcz rq0escxv nhd2j8a9 nc684nl6 p7hjln8o kvgmc6g5 cxmmr5t8 oygrvhab hcukyx3x jb3vyjys rz4wbd8a qt6c0cv9 a8nywdso i1ao9s8h esuyzwwr f1sip0of lzcic4wl oo9gr5id gpro0wi8 lrazzd5p\" tabindex=\"0\" role=\"link\" href=\"https:\/\/www.facebook.com\/starplustelevision\/videos\/946931412722630\/?__cft__[0]=AZV11EofaZglYnb4XoV1AQ872-Xa8dvi7U-p_tQbVIkT5sZarYnk2a1ZrQkYN5DwAx2-s__ZNoBn_tMvXsGf3663VZCXEadD1DYGH_gCJFYRcFGEWknwBNLx1jcA8smpDKc&amp;__tn__=-UK-R\">https:\/\/www.facebook.com\/starplustelevision\/videos\/946931412722630<\/a>)<\/p>\n<\/div>\n<p><iframe loading=\"lazy\" style=\"border: none; overflow: hidden;\" src=\"https:\/\/www.facebook.com\/plugins\/video.php?height=314&amp;href=https%3A%2F%2Fwww.facebook.com%2Fstarplustelevision%2Fvideos%2F946931412722630%2F&amp;show_text=false&amp;width=560\" width=\"560\" height=\"314\" frameborder=\"0\" scrolling=\"no\" allowfullscreen=\"allowfullscreen\"><\/iframe><\/p>\n<p>&nbsp;<\/p>\n<p>&nbsp;<\/p>\n","protected":false},"excerpt":{"rendered":"<div class=\"mh-excerpt\"><p>Mbr\u00ebmjen e t\u00eb mart\u00ebs, m\u00eb 25 maj 2021, n\u00eb Tv Star Plus, t\u00eb ftuarit e gazetarit Erzen Koperaj, n\u00eb emisionin \u201cTonight\u201d ishin Imam Muhamed B. Sytari, Myfti i Zon\u00ebs Shkod\u00ebr, Imam Bekim Alimi, Kryetar i <a class=\"mh-excerpt-more\" href=\"https:\/\/myftinia-shkoder.org\/?p=9522\" title=\"Bashk\u00ebbisedim televiziv: &#8220;Sfidat e musliman\u00ebve shqiptar\u00eb n\u00eb per\u00ebndim&#8221;\">[&#8230;]<\/a><\/p>\n<\/div>","protected":false},"author":1,"featured_media":9523,"comment_status":"closed","ping_status":"closed","sticky":false,"template":"","format":"standard","meta":{"footnotes":""},"categories":[1],"tags":[],"class_list":["post-9522","post","type-post","status-publish","format-standard","has-post-thumbnail","hentry","category-aktivitete"],"_links":{"self":[{"href":"https:\/\/myftinia-shkoder.org\/index.php?rest_route=\/wp\/v2\/posts\/9522","targetHints":{"allow":["GET"]}}],"collection":[{"href":"https:\/\/myftinia-shkoder.org\/index.php?rest_route=\/wp\/v2\/posts"}],"about":[{"href":"https:\/\/myftinia-shkoder.org\/index.php?rest_route=\/wp\/v2\/types\/post"}],"author":[{"embeddable":true,"href":"https:\/\/myftinia-shkoder.org\/index.php?rest_route=\/wp\/v2\/users\/1"}],"replies":[{"embeddable":true,"href":"https:\/\/myftinia-shkoder.org\/index.php?rest_route=%2Fwp%2Fv2%2Fcomments&post=9522"}],"version-history":[{"count":7,"href":"https:\/\/myftinia-shkoder.org\/index.php?rest_route=\/wp\/v2\/posts\/9522\/revisions"}],"predecessor-version":[{"id":9530,"href":"https:\/\/myftinia-shkoder.org\/index.php?rest_route=\/wp\/v2\/posts\/9522\/revisions\/9530"}],"wp:featuredmedia":[{"embeddable":true,"href":"https:\/\/myftinia-shkoder.org\/index.php?rest_route=\/wp\/v2\/media\/9523"}],"wp:attachment":[{"href":"https:\/\/myftinia-shkoder.org\/index.php?rest_route=%2Fwp%2Fv2%2Fmedia&parent=9522"}],"wp:term":[{"taxonomy":"category","embeddable":true,"href":"https:\/\/myftinia-shkoder.org\/index.php?rest_route=%2Fwp%2Fv2%2Fcategories&post=9522"},{"taxonomy":"post_tag","embeddable":true,"href":"https:\/\/myftinia-shkoder.org\/index.php?rest_route=%2Fwp%2Fv2%2Ftags&post=9522"}],"curies":[{"name":"wp","href":"https:\/\/api.w.org\/{rel}","templated":true}]}}