{"id":9698,"date":"2021-07-20T10:02:48","date_gmt":"2021-07-20T10:02:48","guid":{"rendered":"http:\/\/myftinia-shkoder.org\/?p=9698"},"modified":"2021-07-29T07:33:58","modified_gmt":"2021-07-29T07:33:58","slug":"9698","status":"publish","type":"post","link":"https:\/\/myftinia-shkoder.org\/?p=9698","title":{"rendered":"N\u00eb Shkod\u00ebr, festohet me madh\u00ebshti festa e Kurban Bajramin"},"content":{"rendered":"<p style=\"text-align: justify;\">T\u00eb mart\u00ebn, m\u00eb 20 korrik 2021, q\u00eb n\u00eb or\u00ebt e para t\u00eb m\u00ebngjesit n\u00eb t\u00eb gjitha xhamit\u00eb e qytetit dhe fshatit filluan ceremonit\u00eb fetare me tekbire p\u00ebr t\u00eb sinjalizuar madh\u00ebshtin\u00eb q\u00eb e karakterizon fest\u00ebn e mbar\u00eb ymeti islam, Kurban Bajrami.<\/p>\n<p style=\"text-align: justify;\">Ceremonia kryesore u mbajt n\u00eb xhamin\u00eb e Parruc\u00ebs, me pranin\u00eb e Myftiut t\u00eb Shkodr\u00ebs, Imam Muhamed B. Sytari, i cili mbajti nj\u00eb fjalim t\u00eb mbushur plot mesazhe dhe k\u00ebshilla t\u00eb dobishme.<\/p>\n<p style=\"text-align: justify;\">Fillimisht, pasi p\u00ebrg\u00ebzoi t\u00eb gjith\u00eb musliman\u00ebt p\u00ebr fest\u00ebn e Kurban Bajramit tha se bajramet jan\u00eb kryefestat e qytetit, sidomos kur ato zhvillohen n\u00ebp\u00ebr sheshe, si tradit\u00eb e hershme profetike. Ai tha se sot, \u00ebsht\u00eb dita e tekbireve, mash\u00ebshtis\u00eb, nuk \u00ebsht\u00eb fest\u00eb kalimtare dhe r\u00ebndomt\u00eb, por \u00ebsht\u00eb fest\u00eb e madhe e nj\u00eb bashk\u00ebsie, \u00ebsht\u00eb nj\u00eb fest\u00eb e madhe e miliardave njer\u00ebzve n\u00eb mbar\u00eb bot\u00ebn.<\/p>\n<p style=\"text-align: justify;\">Bajrami, sipas Myftiut \u00ebsht\u00eb t\u00eb kthehemi n\u00eb fen\u00eb ton\u00eb me dinjitet dhe krenari, deri sa t\u00eb kthehet flamuri i humbur, flamuri i shekujve, flamuri i lavdive dhe i civilizimeve.<\/p>\n<p style=\"text-align: justify;\">N\u00eb mes t\u00eb tjerave, Imam Muhamed Sytari b\u00ebri thirrje si p\u00ebr her\u00eb p\u00ebr paqtim dhe pajtim n\u00eb mes njer\u00ebzve, p\u00ebr afrim me t\u00eb af\u00ebrmit, me dashamir\u00ebsit, miqt\u00eb dhe t\u00eb gjith\u00eb krijesat e Zotit n\u00eb tok\u00eb.<\/p>\n<p style=\"text-align: justify;\">Duke p\u00ebrfunduar fjal\u00ebn e tij, Myftiu tha se duhet t\u00eb marrim me vete nga kjo dit\u00eb e bekuar mesazhet e nd\u00ebrtimit, mesazhet e dinjitetit, mesazhet e krenaris\u00eb, mesazhet e dor\u00ebzimit para madhnis\u00eb s\u00eb Allahut (xh.sh), i cili na krijuar n\u00eb k\u00ebt\u00eb bot\u00eb p\u00ebr ta adhuruar dhe madhnuar vet\u00ebm At\u00eb, si Krijues i Vet\u00ebm n\u00eb k\u00ebt\u00eb gjith\u00ebsi.<\/p>\n<p style=\"text-align: justify;\">M\u00eb her\u00ebt, Myftiu dha mesazhet e tij n\u00eb ligj\u00ebratat e mbajtura edhe n\u00eb xhamin\u00eb e D\u00ebrgutit dhe n\u00eb at\u00eb t\u00eb \u201cDy Vajzave\u201d.<\/p>\n<p style=\"text-align: justify;\">Pas namazit t\u00eb bajramit q\u00eb u drejtua nga Myftiu i Shkodr\u00ebs, u mbajt hytbeja e Kurban Bajramit nga imami i xhamis\u00eb s\u00eb Parruc\u00ebs, teologu Naim Drijaj, i cili n\u00eb mesazhet e tij b\u00ebri thirrje p\u00ebr paqe, harmoni dhe lumturi p\u00ebr \u00e7do familje shqiptare dhe kudo n\u00eb bot\u00eb.<\/p>\n<p style=\"text-align: justify;\">N\u00eb fund besimtar\u00ebt e pranish\u00ebm uruan njeri-tjetrin p\u00ebr fest\u00ebn e Kurban Bajramit.<\/p>\n<div id='gallery-1' class='gallery galleryid-9698 gallery-columns-4 gallery-size-thumbnail'><figure class='gallery-item'>\n\t\t\t<div class='gallery-icon landscape'>\n\t\t\t\t<a href='https:\/\/myftinia-shkoder.org\/?attachment_id=9710'><img loading=\"lazy\" decoding=\"async\" width=\"150\" height=\"150\" src=\"https:\/\/myftinia-shkoder.org\/wp-content\/uploads\/2021\/07\/kurban_bajrami_2021-1-150x150.jpg\" class=\"attachment-thumbnail size-thumbnail\" alt=\"\" \/><\/a>\n\t\t\t<\/div><\/figure><figure class='gallery-item'>\n\t\t\t<div class='gallery-icon landscape'>\n\t\t\t\t<a href='https:\/\/myftinia-shkoder.org\/?attachment_id=9709'><img loading=\"lazy\" decoding=\"async\" width=\"150\" height=\"150\" src=\"https:\/\/myftinia-shkoder.org\/wp-content\/uploads\/2021\/07\/kurban_bajrami_2021-12-150x150.jpg\" class=\"attachment-thumbnail size-thumbnail\" alt=\"\" \/><\/a>\n\t\t\t<\/div><\/figure><figure class='gallery-item'>\n\t\t\t<div class='gallery-icon landscape'>\n\t\t\t\t<a href='https:\/\/myftinia-shkoder.org\/?attachment_id=9703'><img loading=\"lazy\" decoding=\"async\" width=\"150\" height=\"150\" src=\"https:\/\/myftinia-shkoder.org\/wp-content\/uploads\/2021\/07\/kurban_bajrami_2021-6-150x150.jpg\" class=\"attachment-thumbnail size-thumbnail\" alt=\"\" \/><\/a>\n\t\t\t<\/div><\/figure><figure class='gallery-item'>\n\t\t\t<div class='gallery-icon landscape'>\n\t\t\t\t<a href='https:\/\/myftinia-shkoder.org\/?attachment_id=9701'><img loading=\"lazy\" decoding=\"async\" width=\"150\" height=\"150\" src=\"https:\/\/myftinia-shkoder.org\/wp-content\/uploads\/2021\/07\/kurban_bajrami_2021-4-150x150.jpg\" class=\"attachment-thumbnail size-thumbnail\" alt=\"\" \/><\/a>\n\t\t\t<\/div><\/figure><figure class='gallery-item'>\n\t\t\t<div class='gallery-icon landscape'>\n\t\t\t\t<a href='https:\/\/myftinia-shkoder.org\/?attachment_id=9708'><img loading=\"lazy\" decoding=\"async\" width=\"150\" height=\"150\" src=\"https:\/\/myftinia-shkoder.org\/wp-content\/uploads\/2021\/07\/kurban_bajrami_2021-11-150x150.jpg\" class=\"attachment-thumbnail size-thumbnail\" alt=\"\" \/><\/a>\n\t\t\t<\/div><\/figure><figure class='gallery-item'>\n\t\t\t<div class='gallery-icon landscape'>\n\t\t\t\t<a href='https:\/\/myftinia-shkoder.org\/?attachment_id=9707'><img loading=\"lazy\" decoding=\"async\" width=\"150\" height=\"150\" src=\"https:\/\/myftinia-shkoder.org\/wp-content\/uploads\/2021\/07\/kurban_bajrami_2021-10-150x150.jpg\" class=\"attachment-thumbnail size-thumbnail\" alt=\"\" \/><\/a>\n\t\t\t<\/div><\/figure><figure class='gallery-item'>\n\t\t\t<div class='gallery-icon landscape'>\n\t\t\t\t<a href='https:\/\/myftinia-shkoder.org\/?attachment_id=9706'><img loading=\"lazy\" decoding=\"async\" width=\"150\" height=\"150\" src=\"https:\/\/myftinia-shkoder.org\/wp-content\/uploads\/2021\/07\/kurban_bajrami_2021-9-150x150.jpg\" class=\"attachment-thumbnail size-thumbnail\" alt=\"\" \/><\/a>\n\t\t\t<\/div><\/figure><figure class='gallery-item'>\n\t\t\t<div class='gallery-icon landscape'>\n\t\t\t\t<a href='https:\/\/myftinia-shkoder.org\/?attachment_id=9705'><img loading=\"lazy\" decoding=\"async\" width=\"150\" height=\"150\" src=\"https:\/\/myftinia-shkoder.org\/wp-content\/uploads\/2021\/07\/kurban_bajrami_2021-8-150x150.jpg\" class=\"attachment-thumbnail size-thumbnail\" alt=\"\" \/><\/a>\n\t\t\t<\/div><\/figure><figure class='gallery-item'>\n\t\t\t<div class='gallery-icon landscape'>\n\t\t\t\t<a href='https:\/\/myftinia-shkoder.org\/?attachment_id=9704'><img loading=\"lazy\" decoding=\"async\" width=\"150\" height=\"150\" src=\"https:\/\/myftinia-shkoder.org\/wp-content\/uploads\/2021\/07\/kurban_bajrami_2021-7-150x150.jpg\" class=\"attachment-thumbnail size-thumbnail\" alt=\"\" \/><\/a>\n\t\t\t<\/div><\/figure><figure class='gallery-item'>\n\t\t\t<div class='gallery-icon landscape'>\n\t\t\t\t<a href='https:\/\/myftinia-shkoder.org\/?attachment_id=9702'><img loading=\"lazy\" decoding=\"async\" width=\"150\" height=\"150\" src=\"https:\/\/myftinia-shkoder.org\/wp-content\/uploads\/2021\/07\/kurban_bajrami_2021-5-150x150.jpg\" class=\"attachment-thumbnail size-thumbnail\" alt=\"\" \/><\/a>\n\t\t\t<\/div><\/figure><figure class='gallery-item'>\n\t\t\t<div class='gallery-icon landscape'>\n\t\t\t\t<a href='https:\/\/myftinia-shkoder.org\/?attachment_id=9700'><img loading=\"lazy\" decoding=\"async\" width=\"150\" height=\"150\" src=\"https:\/\/myftinia-shkoder.org\/wp-content\/uploads\/2021\/07\/kurban_bajrami_2021-3-150x150.jpg\" class=\"attachment-thumbnail size-thumbnail\" alt=\"\" \/><\/a>\n\t\t\t<\/div><\/figure><figure class='gallery-item'>\n\t\t\t<div class='gallery-icon landscape'>\n\t\t\t\t<a href='https:\/\/myftinia-shkoder.org\/?attachment_id=9699'><img loading=\"lazy\" decoding=\"async\" width=\"150\" height=\"150\" src=\"https:\/\/myftinia-shkoder.org\/wp-content\/uploads\/2021\/07\/kurban_bajrami_2021-2-150x150.jpg\" class=\"attachment-thumbnail size-thumbnail\" alt=\"\" \/><\/a>\n\t\t\t<\/div><\/figure>\n\t\t<\/div>\n\n","protected":false},"excerpt":{"rendered":"<div class=\"mh-excerpt\"><p>T\u00eb mart\u00ebn, m\u00eb 20 korrik 2021, q\u00eb n\u00eb or\u00ebt e para t\u00eb m\u00ebngjesit n\u00eb t\u00eb gjitha xhamit\u00eb e qytetit dhe fshatit filluan ceremonit\u00eb fetare me tekbire p\u00ebr t\u00eb sinjalizuar madh\u00ebshtin\u00eb q\u00eb e karakterizon fest\u00ebn e <a class=\"mh-excerpt-more\" href=\"https:\/\/myftinia-shkoder.org\/?p=9698\" title=\"N\u00eb Shkod\u00ebr, festohet me madh\u00ebshti festa e Kurban Bajramin\">[&#8230;]<\/a><\/p>\n<\/div>","protected":false},"author":1,"featured_media":9706,"comment_status":"closed","ping_status":"closed","sticky":false,"template":"","format":"standard","meta":{"footnotes":""},"categories":[13],"tags":[],"class_list":["post-9698","post","type-post","status-publish","format-standard","has-post-thumbnail","hentry","category-aktualitet"],"_links":{"self":[{"href":"https:\/\/myftinia-shkoder.org\/index.php?rest_route=\/wp\/v2\/posts\/9698","targetHints":{"allow":["GET"]}}],"collection":[{"href":"https:\/\/myftinia-shkoder.org\/index.php?rest_route=\/wp\/v2\/posts"}],"about":[{"href":"https:\/\/myftinia-shkoder.org\/index.php?rest_route=\/wp\/v2\/types\/post"}],"author":[{"embeddable":true,"href":"https:\/\/myftinia-shkoder.org\/index.php?rest_route=\/wp\/v2\/users\/1"}],"replies":[{"embeddable":true,"href":"https:\/\/myftinia-shkoder.org\/index.php?rest_route=%2Fwp%2Fv2%2Fcomments&post=9698"}],"version-history":[{"count":4,"href":"https:\/\/myftinia-shkoder.org\/index.php?rest_route=\/wp\/v2\/posts\/9698\/revisions"}],"predecessor-version":[{"id":9740,"href":"https:\/\/myftinia-shkoder.org\/index.php?rest_route=\/wp\/v2\/posts\/9698\/revisions\/9740"}],"wp:featuredmedia":[{"embeddable":true,"href":"https:\/\/myftinia-shkoder.org\/index.php?rest_route=\/wp\/v2\/media\/9706"}],"wp:attachment":[{"href":"https:\/\/myftinia-shkoder.org\/index.php?rest_route=%2Fwp%2Fv2%2Fmedia&parent=9698"}],"wp:term":[{"taxonomy":"category","embeddable":true,"href":"https:\/\/myftinia-shkoder.org\/index.php?rest_route=%2Fwp%2Fv2%2Fcategories&post=9698"},{"taxonomy":"post_tag","embeddable":true,"href":"https:\/\/myftinia-shkoder.org\/index.php?rest_route=%2Fwp%2Fv2%2Ftags&post=9698"}],"curies":[{"name":"wp","href":"https:\/\/api.w.org\/{rel}","templated":true}]}}