{"id":9714,"date":"2021-07-21T21:23:22","date_gmt":"2021-07-21T21:23:22","guid":{"rendered":"http:\/\/myftinia-shkoder.org\/?p=9714"},"modified":"2021-07-22T09:26:12","modified_gmt":"2021-07-22T09:26:12","slug":"nje-dite-e-vecante-feste","status":"publish","type":"post","link":"https:\/\/myftinia-shkoder.org\/?p=9714","title":{"rendered":"Nj\u00eb dit\u00eb e ve\u00e7ant\u00eb feste&#8230;"},"content":{"rendered":"<p class=\"o9v6fnle cxmmr5t8 oygrvhab hcukyx3x c1et5uql ii04i59q\" style=\"text-align: justify;\">20 korrik 2021, n\u00eb dit\u00ebn e par\u00eb t\u00eb fest\u00ebs s\u00eb begat\u00eb t\u00eb Kurban Bajramit me v\u00ebllez\u00ebrit dhe motrat tan\u00eb t\u00eb Shoqat\u00ebs s\u00eb Para-Tetraplegjik\u00ebve Shkod\u00ebr.<\/p>\n<p dir=\"auto\" style=\"text-align: justify;\">Nj\u00eb fal\u00ebnderim i ve\u00e7ant\u00eb p\u00ebr kryetarin e k\u00ebsaj shoqate, z. Saimir Beqiri dhe stafin vullnetar t\u00eb tij, t\u00eb cil\u00ebt interesohen dhe jan\u00eb pran\u00eb k\u00ebsaj shtrese para-tetraplegjik\u00ebsh.<\/p>\n<p dir=\"auto\" style=\"text-align: justify;\">Allahu i Madh\u00ebruar ua shp\u00ebrbleft\u00eb me t\u00eb mira mundin dhe sakrific\u00ebn e tyre.<\/p>\n<p class=\"o9v6fnle cxmmr5t8 oygrvhab hcukyx3x c1et5uql ii04i59q\" style=\"text-align: justify;\">Fal\u00ebnderim edhe p\u00ebr besimtar\u00ebt shkodran\u00eb, t\u00eb cil\u00ebn dhuruan kurbanet e tyre pran\u00eb Myftinis\u00eb Shkod\u00ebr, p\u00ebr t&#8217;i shp\u00ebrndar\u00eb m\u00eb pas tek njer\u00ebzit.<\/p>\n<div id='gallery-1' class='gallery galleryid-9714 gallery-columns-3 gallery-size-thumbnail'><figure class='gallery-item'>\n\t\t\t<div class='gallery-icon landscape'>\n\t\t\t\t<a href='https:\/\/myftinia-shkoder.org\/?attachment_id=9719'><img loading=\"lazy\" decoding=\"async\" width=\"150\" height=\"150\" src=\"https:\/\/myftinia-shkoder.org\/wp-content\/uploads\/2021\/07\/kurbane_shoqata_para-tetraplegjikeve-5-1-150x150.jpg\" class=\"attachment-thumbnail size-thumbnail\" alt=\"\" \/><\/a>\n\t\t\t<\/div><\/figure><figure class='gallery-item'>\n\t\t\t<div class='gallery-icon landscape'>\n\t\t\t\t<a href='https:\/\/myftinia-shkoder.org\/?attachment_id=9718'><img loading=\"lazy\" decoding=\"async\" width=\"150\" height=\"150\" src=\"https:\/\/myftinia-shkoder.org\/wp-content\/uploads\/2021\/07\/kurbane_shoqata_para-tetraplegjikeve-4-150x150.jpg\" class=\"attachment-thumbnail size-thumbnail\" alt=\"\" \/><\/a>\n\t\t\t<\/div><\/figure><figure class='gallery-item'>\n\t\t\t<div class='gallery-icon landscape'>\n\t\t\t\t<a href='https:\/\/myftinia-shkoder.org\/?attachment_id=9717'><img loading=\"lazy\" decoding=\"async\" width=\"150\" height=\"150\" src=\"https:\/\/myftinia-shkoder.org\/wp-content\/uploads\/2021\/07\/kurbane_shoqata_para-tetraplegjikeve-3-150x150.jpg\" class=\"attachment-thumbnail size-thumbnail\" alt=\"\" \/><\/a>\n\t\t\t<\/div><\/figure><figure class='gallery-item'>\n\t\t\t<div class='gallery-icon landscape'>\n\t\t\t\t<a href='https:\/\/myftinia-shkoder.org\/?attachment_id=9716'><img loading=\"lazy\" decoding=\"async\" width=\"150\" height=\"150\" src=\"https:\/\/myftinia-shkoder.org\/wp-content\/uploads\/2021\/07\/kurbane_shoqata_para-tetraplegjikeve-2-150x150.jpg\" class=\"attachment-thumbnail size-thumbnail\" alt=\"\" \/><\/a>\n\t\t\t<\/div><\/figure><figure class='gallery-item'>\n\t\t\t<div class='gallery-icon landscape'>\n\t\t\t\t<a href='https:\/\/myftinia-shkoder.org\/?attachment_id=9715'><img loading=\"lazy\" decoding=\"async\" width=\"150\" height=\"150\" src=\"https:\/\/myftinia-shkoder.org\/wp-content\/uploads\/2021\/07\/kurbane_shoqata_para-tetraplegjikeve-5-150x150.jpg\" class=\"attachment-thumbnail size-thumbnail\" alt=\"\" \/><\/a>\n\t\t\t<\/div><\/figure>\n\t\t<\/div>\n\n","protected":false},"excerpt":{"rendered":"<div class=\"mh-excerpt\"><p>20 korrik 2021, n\u00eb dit\u00ebn e par\u00eb t\u00eb fest\u00ebs s\u00eb begat\u00eb t\u00eb Kurban Bajramit me v\u00ebllez\u00ebrit dhe motrat tan\u00eb t\u00eb Shoqat\u00ebs s\u00eb Para-Tetraplegjik\u00ebve Shkod\u00ebr. Nj\u00eb fal\u00ebnderim i ve\u00e7ant\u00eb p\u00ebr kryetarin e k\u00ebsaj shoqate, z. Saimir <a class=\"mh-excerpt-more\" href=\"https:\/\/myftinia-shkoder.org\/?p=9714\" title=\"Nj\u00eb dit\u00eb e ve\u00e7ant\u00eb feste&#8230;\">[&#8230;]<\/a><\/p>\n<\/div>","protected":false},"author":1,"featured_media":9715,"comment_status":"closed","ping_status":"closed","sticky":false,"template":"","format":"standard","meta":{"footnotes":""},"categories":[13],"tags":[],"class_list":["post-9714","post","type-post","status-publish","format-standard","has-post-thumbnail","hentry","category-aktualitet"],"_links":{"self":[{"href":"https:\/\/myftinia-shkoder.org\/index.php?rest_route=\/wp\/v2\/posts\/9714","targetHints":{"allow":["GET"]}}],"collection":[{"href":"https:\/\/myftinia-shkoder.org\/index.php?rest_route=\/wp\/v2\/posts"}],"about":[{"href":"https:\/\/myftinia-shkoder.org\/index.php?rest_route=\/wp\/v2\/types\/post"}],"author":[{"embeddable":true,"href":"https:\/\/myftinia-shkoder.org\/index.php?rest_route=\/wp\/v2\/users\/1"}],"replies":[{"embeddable":true,"href":"https:\/\/myftinia-shkoder.org\/index.php?rest_route=%2Fwp%2Fv2%2Fcomments&post=9714"}],"version-history":[{"count":1,"href":"https:\/\/myftinia-shkoder.org\/index.php?rest_route=\/wp\/v2\/posts\/9714\/revisions"}],"predecessor-version":[{"id":9720,"href":"https:\/\/myftinia-shkoder.org\/index.php?rest_route=\/wp\/v2\/posts\/9714\/revisions\/9720"}],"wp:featuredmedia":[{"embeddable":true,"href":"https:\/\/myftinia-shkoder.org\/index.php?rest_route=\/wp\/v2\/media\/9715"}],"wp:attachment":[{"href":"https:\/\/myftinia-shkoder.org\/index.php?rest_route=%2Fwp%2Fv2%2Fmedia&parent=9714"}],"wp:term":[{"taxonomy":"category","embeddable":true,"href":"https:\/\/myftinia-shkoder.org\/index.php?rest_route=%2Fwp%2Fv2%2Fcategories&post=9714"},{"taxonomy":"post_tag","embeddable":true,"href":"https:\/\/myftinia-shkoder.org\/index.php?rest_route=%2Fwp%2Fv2%2Ftags&post=9714"}],"curies":[{"name":"wp","href":"https:\/\/api.w.org\/{rel}","templated":true}]}}