{"id":9848,"date":"2021-10-02T22:01:52","date_gmt":"2021-10-02T22:01:52","guid":{"rendered":"http:\/\/myftinia-shkoder.org\/?p=9848"},"modified":"2021-10-04T06:07:16","modified_gmt":"2021-10-04T06:07:16","slug":"fjala-e-myftiut-te-shkodres-ne-ceremonine-e-promovimit-te-10-hafizeve-te-rinj","status":"publish","type":"post","link":"https:\/\/myftinia-shkoder.org\/?p=9848","title":{"rendered":"Fjala e Myftiut t\u00eb Shkodr\u00ebs n\u00eb ceremonin\u00eb e promovimit t\u00eb 10 hafiz\u00ebve t\u00eb rinj"},"content":{"rendered":"<p class=\"o9v6fnle cxmmr5t8 oygrvhab hcukyx3x c1et5uql ii04i59q\" style=\"text-align: justify;\">Dit\u00ebn e shtun\u00eb, m\u00eb 2 tetor 2021, Shoqata \u201cIstanbul\u201d organizoi ceremonin\u00eb e dyt\u00eb p\u00ebr diplomimit e hafiz\u00ebve t\u00eb Qendr\u00ebs p\u00ebr Memorizimin e Kuranit Fam\u00eblart\u00eb n\u00eb Shkod\u00ebr.<\/p>\n<p dir=\"auto\" style=\"text-align: justify;\">N\u00eb nj\u00eb atmosfer\u00ebr\u00eb shpirt\u00ebrore dhe plot g\u00ebzim, u organizua ceremonia e dyt\u00eb p\u00ebr diplomimin e hafiz\u00ebve t\u00eb Qendr\u00ebs p\u00ebr Memorizimin e Kuranit Fam\u00eblart\u00eb n\u00eb Shkod\u00ebr, cila administrohet nga shoqata \u201cIstanbul n\u00eb Shkod\u00ebr me mb\u00ebshtetjen e fondacionit Hudayi n\u00eb Stamboll.<\/p>\n<p dir=\"auto\" style=\"text-align: justify;\">Aktiviteti u p\u00ebrsh\u00ebndet edhe nga Myftiu i Shkodr\u00ebs, Imam Muhamed B. Sytari, i cili mbajti edhe nj\u00eb fjal\u00eb, n\u00ebp\u00ebrmjet t\u00eb cil\u00ebs iu drejtua t\u00eb pranish\u00ebmve me k\u00ebto fjal\u00eb:<\/p>\n<p dir=\"auto\" style=\"text-align: justify;\">*** *** ***<\/p>\n<p dir=\"auto\" style=\"text-align: justify;\"><em>I nderuar z. Kujtim Dervishi, Drejtor i Medreses\u00eb \u201cHaxhi Sheh Shamia\u201d,<\/em><\/p>\n<p dir=\"auto\" style=\"text-align: justify;\"><em>I nderuar z. Ridvan Seferaj, Kryetar i Shoqat\u00ebs \u201cIstanbul\u201d,<\/em><\/p>\n<p dir=\"auto\" style=\"text-align: justify;\"><em>T\u00eb nderuar miq e t\u00eb ftuar nga Republika e Turqis\u00eb,<\/em><\/p>\n<p dir=\"auto\" style=\"text-align: justify;\"><em>Hafiz\u00eb t\u00eb dashur dhe jut \u00eb shtrenjt\u00eb prind\u00ebr t\u00eb pranish\u00ebm,<\/em><\/p>\n<p dir=\"auto\" style=\"text-align: justify;\">Tubimi i k\u00ebsaj dite ka nj\u00eb simbolik\u00eb t\u00eb ve\u00e7ant\u00eb p\u00ebr faktin se po promovojm\u00eb p\u00ebrfundimin e ciklit t\u00eb plot\u00eb t\u00eb m\u00ebsimit p\u00ebrmendsh t\u00eb Kuranit Fam\u00eblart\u00eb nga 10 djem t\u00eb rinj, nga 10 shembuj p\u00ebr t\u2019u ndjekur e modele p\u00ebr t\u2019u krenuar me ta, sot e deri sa t\u00eb kemi frym\u00eb!<\/p>\n<p dir=\"auto\" style=\"text-align: justify;\">Patjet\u00ebr q\u00eb duhet t\u00eb fal\u00ebnderojm\u00eb me t\u00eb madhe m\u00ebsuesit edukator\u00eb, kujdestar\u00ebt dhe mb\u00ebshtet\u00ebsit e k\u00ebtij projekti dituror e qytet\u00ebrues, n\u00eb krye t\u00eb cil\u00ebve q\u00ebndron Hoxha i urt\u00eb Osman ef. Nuri Topbash; projekt q\u00eb e begaton qytetin e Shkodr\u00ebs me rip\u00ebrt\u00ebritjen e nj\u00eb tradite t\u00eb vjet\u00ebr, q\u00eb lidh bijt\u00eb e k\u00ebsaj toke me dashnin\u00eb dhe p\u00ebrkushtimin ndaj Fjal\u00ebs s\u00eb Allahut t\u00eb Madh\u00ebruar dhe i b\u00ebn ata dhe f\u00ebmij\u00ebt tan\u00eb q\u00eb i jan\u00eb p\u00ebrgjigjur k\u00ebsaj ftese t\u00eb brendshme n\u00eb kufijt\u00eb e t\u00eb shenjt\u00ebs, pjes\u00eb e d\u00ebshmis\u00eb s\u00eb madhe hyjnore: \u201cAta q\u00eb e lexojn\u00eb librin e Allahut, e falin namazin dhe nga begatit\u00eb q\u00eb Ne u kemi dh\u00ebn\u00eb japin fshehtazi e haptazi, ata shpresojn\u00eb n\u00eb nj\u00eb treg\u00ebti q\u00eb kurr\u00eb nuk humbet\u201d.<\/p>\n<p dir=\"auto\" style=\"text-align: justify;\">N\u00eb hadithin e transmetuar nga Ibn Abasi (r.a), nj\u00eb person e pyeti t\u00eb D\u00ebrguarin e Allahut, se cila ishte vepra m\u00eb e p\u00eblqyer tek Allahu. Ai, nd\u00ebr t\u00eb tjera i tha: \u201c\u2026 Ta nis\u00ebsh leximin e Kuranit nga fillimi. Sa her\u00eb q\u00eb ta p\u00ebrfundosh, ta nis\u00ebsh s\u00ebrish nga fillimi\u201d, duke nxitur tradit\u00ebn e Hatmes Sherife (leximin e plot\u00eb t\u00eb Kur\u2019anit n\u00eb m\u00ebnyr\u00eb t\u00eb vazhdueshme), m\u00ebsimin dhe p\u00ebrvet\u00ebsimin e Kuranit n\u00eb jet\u00ebn ton\u00eb.<\/p>\n<p dir=\"auto\" style=\"text-align: justify;\">Resulullahu (a.s) lajm\u00ebroi se: \u201cMe t\u00eb v\u00ebrtet\u00eb Allahu ka t\u00eb dashur e t\u00eb p\u00ebrzgjedhur n\u00eb mesin e njer\u00ebzve\u201d Dhe kur e pyet\u00ebn se kush jan\u00eb ata, o i d\u00ebrguar i Allahut? Ai tha: \u201cNjer\u00ebzit e Kuranit, jan\u00eb t\u00eb dashurit e Allahut dhe njer\u00ebzit e Tij t\u00eb af\u00ebrt!\u201d<\/p>\n<p dir=\"auto\" style=\"text-align: justify;\">T\u00eb dashur Hafiz\u00eb, t\u00eb shtrenjt\u00eb prind\u00ebr!<\/p>\n<p dir=\"auto\" style=\"text-align: justify;\">Fjal\u00ebn time do ta mbyll me nj\u00eb ngjarje t\u00eb mrekullueshme q\u00eb e kam shum\u00eb p\u00ebr zemr\u00eb dhe, sa her\u00eb i rikthehem, mbushem me shpres\u00eb e but\u00ebsi, m\u00eb kaplon m\u00ebshira dhe e ndjej veten t\u00eb p\u00ebrk\u00ebdhelur para duarve t\u00eb Zotit tim, q\u00eb e lart\u00ebsoi grad\u00ebn e atyre q\u00eb i p\u00ebrkushtohen Fjal\u00ebs s\u00eb Tij, sa asnj\u00eb grad\u00eb!<\/p>\n<p dir=\"auto\" style=\"text-align: justify;\">Nj\u00eb nga dijetar\u00ebt m\u00eb t\u00eb shquar t\u00eb Kuranit n\u00eb mesin e shekullit t\u00eb dyt\u00eb hixhri, Hamza ibn Habib Ez-Zejati, p\u00ebr t\u00eb cilin m\u00ebsuesi i tij, djetari i shquar El-Amesh (61-148), kur e shihte t\u00eb vinte, thoshte: \u201cKy \u00ebsht\u00eb dijetari i Kuranit\u201d, ka nj\u00eb rr\u00ebfim t\u00eb mrekullueshm t\u00eb nj\u00eb p\u00ebrjetimi personal, q\u00eb na lidh me dashnin\u00eb e Allahut ndaj ehli-Kuranit!<\/p>\n<p dir=\"auto\" style=\"text-align: justify;\">Rr\u00ebfen Kalef ibn Bezari, nga m\u00ebsuesi i tij Sulejm ibn Isa, nx\u00ebn\u00ebs i Hamza Zejatit (v. 156 h.): Hyra nj\u00eb dit\u00eb tek Hamza ibn Habib Zejati dhe e gjeta duke qar\u00eb, nd\u00ebrkoh\u00eb q\u00eb ishte ulur n\u00eb tok\u00eb, p\u00ebr t\u00eb cil\u00ebn f\u00ebrkonte fytyr\u00ebn e tij. Thash\u00eb: \u201cAllahu t\u00eb ruajt\u00eb!\u201d.<\/p>\n<p dir=\"auto\" style=\"text-align: justify;\">Tha: \u201cDhe pse po e thua k\u00ebt\u00eb?!<\/p>\n<p dir=\"auto\" style=\"text-align: justify;\">Mbr\u00ebm\u00eb pash\u00eb n\u00eb \u00ebnd\u00ebrr sikur ishte b\u00ebr\u00eb kijameti dhe u thirr\u00ebn \u201ckurraul-Kuran\u201d (m\u00ebsuesit dhe lexuesit e Kuranit) dhe un\u00eb isha n\u00eb mesin e tyre. D\u00ebgjova nj\u00eb z\u00eb t\u00eb \u00ebmb\u00ebl q\u00eb tha: \u201cMos t\u00eb hyjn\u00eb tek Un\u00eb vet\u00ebm se ata q\u00eb kan\u00eb punuar me Kuran\u201d.<\/p>\n<p dir=\"auto\" style=\"text-align: justify;\">Un\u00eb u t\u00ebrhoqa duke b\u00ebr\u00eb hapa prapa. Nd\u00ebrkoh\u00eb, ai z\u00eb thirri emrin tim: \u201cKu \u00ebsht\u00eb Hamza ibn Habib Ez-Zejati?\u201d Un\u00eb thash\u00eb: Lebejke, o thirr\u00ebs i Zotit!<\/p>\n<p dir=\"auto\" style=\"text-align: justify;\">Nj\u00eb melek nd\u00ebrhyu dhe m\u00eb tha: Thuaj: \u201cLebejkallahume!\u201d, pra: \u201cSi urdh\u00ebron o Zoti im\u201d&#8230; Dhe un\u00eb thash\u00eb: Lebejke, ashtu si\u00e7 m\u00eb tha.<\/p>\n<p dir=\"auto\" style=\"text-align: justify;\">Pastaj m\u00eb futi n\u00eb nj\u00eb vend, ku d\u00ebgjohej gum\u00ebzhitja e leximit t\u00eb Kuranit, nd\u00ebrsa un\u00eb dridhesha i t\u00ebri. D\u00ebgjova nj\u00eb z\u00eb q\u00eb m\u00eb tha: \u201cMos u shqet\u00ebso, ngjit shkall\u00ebt dhe lexo!\u201d<\/p>\n<p dir=\"auto\" style=\"text-align: justify;\">Solla kok\u00ebn, kur pash\u00eb nj\u00eb minber me smeralde t\u00eb bardha, me krah\u00eb prej gur\u00ebsh t\u00eb \u00e7muar t\u00eb verdh\u00eb dhe shkall\u00ebt prej diamant\u00ebsh ngjyr\u00eb jeshil\u00eb\u2026<\/p>\n<p dir=\"auto\" style=\"text-align: justify;\">M\u00eb tha: \u201cNgjitu dhe lexo!\u201d Un\u00eb u ngjita. Tha: \u201cLexo suren \u201cEl-Enam\u201d, nd\u00ebrkoh\u00eb q\u00eb nuk dija se kujt po i lexoja. Pasi lexova 60 ajetet e para dhe mb\u00ebrrita te ajeti: \u201cAi \u00ebsht\u00eb Mbizot\u00ebruesi mbi rob\u00ebt e Tij (61)\u201d m\u00eb tha: \u201cO Hamza, a nuk Jam Un\u00eb Mbizot\u00ebruesi mbi krijesat e Mia?\u201d I Thash\u00eb: Po, je! Tha: \u201cE v\u00ebrtet\u00eb. Vazhdo leximin\u201d Dhe vazhdova derisa e plot\u00ebsova k\u00ebt\u00eb sure.<\/p>\n<p dir=\"auto\" style=\"text-align: justify;\">M\u00eb tha: \u201cLexo\u201d Dhe un\u00eb nisa t\u00eb lexoj suren \u201cEl-Araf\u201d. Kur mb\u00ebrrita n\u00eb fund t\u00eb saj desha t\u00eb bie n\u00eb sexhde. Ai m\u00eb tha: \u201cMjafton e kaluara (pra, n\u00eb ahiret nuk ka m\u00eb obligime), mos bjer n\u00eb sexhde, o Hamza\u201d.<\/p>\n<p dir=\"auto\" style=\"text-align: justify;\">Pastaj m\u00eb pyeti: \u201cKush ta ka m\u00ebsuar ty k\u00ebt\u00eb lexim?\u201d I thash\u00eb: Sulejmani (dmth: El-Amesh). Tha: \u201cE v\u00ebrtet\u00eb. Po Sulejmanit, kush ia m\u00ebsoi leximin?\u201d Thash\u00eb: \u201cJahja\u201d Tha: \u201cE v\u00ebrtet\u00eb. Po Jahja, te kush ka lexuar?\u201d Thash\u00eb: Te Ebu Abdurrahman Es-Sulemi. Tha: \u201cT\u00eb v\u00ebrtet\u00ebn ka th\u00ebn\u00eb Ebu Abdurrahman Sulemiu. Po Ebu Abdurrahman Sulemiun, kush e m\u00ebsoi?\u201d Thash\u00eb: Djali i axh\u00ebs i Profetit t\u00ebnd, Aliu. Tha: \u201cT\u00eb v\u00ebrtet\u00ebn tha Aliu. Po Aliun kush e m\u00ebsoi?\u201d Thash\u00eb: Profeti Yt, Muhamedi (a.s). Tha: \u201cPo kush e m\u00ebsoi Profetin Tim?\u201d Thash\u00eb: Xhibrili (a.s). Tha: \u201cPo Xhibrilin kush e m\u00ebsoi?\u201d Un\u00eb heshta.<\/p>\n<p dir=\"auto\" style=\"text-align: justify;\">Tha: \u201cO Hamza, thuaj: Ti\u201d. Thash\u00eb: Nuk mund ta them (nga turpi). Tha: \u201cThuaje o Hamza: Ti\u201d Un\u00eb e thash\u00eb: Ti\u2026<\/p>\n<p dir=\"auto\" style=\"text-align: justify;\">Tha: \u201cT\u00eb v\u00ebrtet\u00ebn the, o Hamza. Pasha hakun e Kuranit, Un\u00eb do t\u2019i nderoj \u201cehlul-Kuran\u201d, (njer\u00ebzit e Kuranit, t\u00eb angazhuarit me t\u00eb) ve\u00e7an\u00ebrisht ata q\u00eb punojn\u00eb me Kuran! O Hamza, Kurani \u00ebsht\u00eb Fjala Ime dhe Un\u00eb nuk dua njeri si \u201cehlul-Kuran\u201d!<\/p>\n<p dir=\"auto\" style=\"text-align: justify;\">Pastaj m\u00eb tha: \u201cAfrohu o Hamza\u201d U afrova, m\u00eb lyu me nj\u00eb er\u00eb t\u00eb mir\u00eb dhe m\u00eb tha: \u201cNuk po ta b\u00ebj vet\u00ebm ty k\u00ebt\u00eb nderim, por ia kam b\u00ebr\u00eb edhe shok\u00ebve t\u00eb tu, m\u00eb lart e m\u00eb posht\u00eb teje. Dhe kujtdo q\u00eb do ua m\u00ebsoj\u00eb njer\u00ebzve Kuranin, sikurse ke b\u00ebr\u00eb edhe ti, me sinqeritet vet\u00ebm p\u00ebr hatrin Tim! Nd\u00ebrsa ajo q\u00eb kam rezervuar p\u00ebr ty, o Hamza, \u00ebsht\u00eb shum\u00eb m\u00eb e madhe!<\/p>\n<p dir=\"auto\" style=\"text-align: justify;\">Thuaju edhe shok\u00ebve t\u00eb tu p\u00ebr Dashnin\u00eb Time ndaj \u201cehlul-Kuran\u201d dhe shp\u00ebrblimin Tim p\u00ebr ty. Ata jan\u00eb t\u00eb p\u00ebrzgjedhurit m\u00eb t\u00eb mir\u00eb! Pasha Krenarin\u00eb dhe Madh\u00ebshtin\u00eb Time, nuk do ta nd\u00ebshkoj me zjarr nj\u00eb gjuh\u00eb q\u00eb e ka lexuar Kuranin! As zemr\u00ebn q\u00eb e ka kuptuar at\u00eb! As veshin q\u00eb e ka d\u00ebgjuar, as syrin q\u00eb e ka v\u00ebshtruar!\u201d<\/p>\n<p dir=\"auto\" style=\"text-align: justify;\">Thash\u00eb: Subhaneke, subhaneke ja Rabbi! Tha: \u201cO Hamza, ku jan\u00eb ata q\u00eb v\u00ebshtrojn\u00eb n\u00eb Kuran gjat\u00eb leximit?\u201d Thash\u00eb: Ja rabbi, hafiz\u00ebt? Tha: \u201cJo, atyre jua kam ruajtur shp\u00ebrblimin p\u00ebr dit\u00ebn e gjykimit, nj\u00eb shkall\u00eb p\u00ebr \u00e7do ajet\u201d.<\/p>\n<p dir=\"auto\" style=\"text-align: justify;\">Pastaj, Hamzai, iu drejtua nx\u00ebn\u00ebsit t\u00eb tij Sulejmit: \u201cPo tash, a po m\u00eb kritikon se po qaj dhe po e f\u00ebrkoj fytyr\u00ebn p\u00ebr dh\u00e9?\u201d.<\/p>\n<p dir=\"auto\" style=\"text-align: justify;\">K\u00ebshtu, t\u00eb dashurit e mi, lutja ime \u00ebsht\u00eb q\u00eb t\u00eb keni p\u00ebrher\u00eb mbar\u00ebsi e bekim, Kurani Fam\u00eblart\u00eb t\u00eb jet\u00eb pjes\u00eb e pandar\u00eb e jet\u00ebs\u00eb s\u00eb gjith\u00ebsecilit prej nesh; me t\u00eb edukojm\u00eb f\u00ebmij\u00ebt dhe rinin\u00eb ton\u00eb, atij t\u2019i p\u00ebrkushtohemi pa rezerv\u00eb, duke shpresuar t\u00eb kemi hise n\u00eb d\u00ebshmin\u00eb e Resulullahut (a.s) q\u00eb na tregon se Zoti i gjith\u00ebsis\u00eb ka th\u00ebn\u00eb: \u201cAt\u00eb q\u00eb e angazhon Kurani nga lutja Ima, do t\u2019i jap m\u00eb mir\u00eb sesa i jap atyre q\u00eb luten\u2026\u201d<\/p>\n<p dir=\"auto\" style=\"text-align: justify;\"><strong>Imam <a class=\"oajrlxb2 g5ia77u1 qu0x051f esr5mh6w e9989ue4 r7d6kgcz rq0escxv nhd2j8a9 nc684nl6 p7hjln8o kvgmc6g5 cxmmr5t8 oygrvhab hcukyx3x jb3vyjys rz4wbd8a qt6c0cv9 a8nywdso i1ao9s8h esuyzwwr f1sip0of lzcic4wl q66pz984 gpro0wi8 b1v8xokw\" tabindex=\"0\" role=\"link\" href=\"https:\/\/www.facebook.com\/profile.php?id=100008293066207&amp;__cft__[0]=AZUFpwlkecnfq5rvzvuo-xvCVUdI6beILsFW8V03S1ZlYnsVTGZ06bW13OkE-amerjNgkdHA4pANOCegyeoDOxG8kXuey4iKc84qKpy16sOkDvySFGk9NiBMgqYt9b9ct0TPtUAX9ZtEnTmJzQ7a6iq_8JrbVKlLZ4h3atPWtrZRz969dFJwUj9uygcxS7TktYk&amp;__tn__=-]K-R\"><span class=\"nc684nl6\">Muhamed B. Sytari<\/span><\/a><\/strong><br \/>\n<em>Myfti i Zon\u00ebs Shkod\u00ebr<\/em><\/p>\n<p class=\"o9v6fnle cxmmr5t8 oygrvhab hcukyx3x c1et5uql ii04i59q\" style=\"text-align: justify;\"><em>Shkod\u00ebr, 2 tetor 2021<\/em><\/p>\n<div id='gallery-1' class='gallery galleryid-9848 gallery-columns-3 gallery-size-thumbnail'><figure class='gallery-item'>\n\t\t\t<div class='gallery-icon portrait'>\n\t\t\t\t<a href='https:\/\/myftinia-shkoder.org\/?attachment_id=9855'><img loading=\"lazy\" decoding=\"async\" width=\"150\" height=\"150\" src=\"https:\/\/myftinia-shkoder.org\/wp-content\/uploads\/2021\/10\/ceremonia_hafizeve_2021-7-150x150.jpg\" class=\"attachment-thumbnail size-thumbnail\" alt=\"\" \/><\/a>\n\t\t\t<\/div><\/figure><figure class='gallery-item'>\n\t\t\t<div class='gallery-icon landscape'>\n\t\t\t\t<a href='https:\/\/myftinia-shkoder.org\/?attachment_id=9854'><img loading=\"lazy\" decoding=\"async\" width=\"150\" height=\"150\" src=\"https:\/\/myftinia-shkoder.org\/wp-content\/uploads\/2021\/10\/ceremonia_hafizeve_2021-6-150x150.jpg\" class=\"attachment-thumbnail size-thumbnail\" alt=\"\" \/><\/a>\n\t\t\t<\/div><\/figure><figure class='gallery-item'>\n\t\t\t<div class='gallery-icon landscape'>\n\t\t\t\t<a href='https:\/\/myftinia-shkoder.org\/?attachment_id=9853'><img loading=\"lazy\" decoding=\"async\" width=\"150\" height=\"150\" src=\"https:\/\/myftinia-shkoder.org\/wp-content\/uploads\/2021\/10\/ceremonia_hafizeve_2021-1-150x150.jpg\" class=\"attachment-thumbnail size-thumbnail\" alt=\"\" \/><\/a>\n\t\t\t<\/div><\/figure><figure class='gallery-item'>\n\t\t\t<div class='gallery-icon portrait'>\n\t\t\t\t<a href='https:\/\/myftinia-shkoder.org\/?attachment_id=9852'><img loading=\"lazy\" decoding=\"async\" width=\"150\" height=\"150\" src=\"https:\/\/myftinia-shkoder.org\/wp-content\/uploads\/2021\/10\/ceremonia_hafizeve_2021-5-150x150.jpg\" class=\"attachment-thumbnail size-thumbnail\" alt=\"\" \/><\/a>\n\t\t\t<\/div><\/figure><figure class='gallery-item'>\n\t\t\t<div class='gallery-icon landscape'>\n\t\t\t\t<a href='https:\/\/myftinia-shkoder.org\/?attachment_id=9851'><img loading=\"lazy\" decoding=\"async\" width=\"150\" height=\"150\" src=\"https:\/\/myftinia-shkoder.org\/wp-content\/uploads\/2021\/10\/ceremonia_hafizeve_2021-4-150x150.jpg\" class=\"attachment-thumbnail size-thumbnail\" alt=\"\" \/><\/a>\n\t\t\t<\/div><\/figure><figure class='gallery-item'>\n\t\t\t<div class='gallery-icon landscape'>\n\t\t\t\t<a href='https:\/\/myftinia-shkoder.org\/?attachment_id=9850'><img loading=\"lazy\" decoding=\"async\" width=\"150\" height=\"150\" src=\"https:\/\/myftinia-shkoder.org\/wp-content\/uploads\/2021\/10\/ceremonia_hafizeve_2021-3-150x150.jpg\" class=\"attachment-thumbnail size-thumbnail\" alt=\"\" \/><\/a>\n\t\t\t<\/div><\/figure><figure class='gallery-item'>\n\t\t\t<div class='gallery-icon landscape'>\n\t\t\t\t<a href='https:\/\/myftinia-shkoder.org\/?attachment_id=9849'><img loading=\"lazy\" decoding=\"async\" width=\"150\" height=\"150\" src=\"https:\/\/myftinia-shkoder.org\/wp-content\/uploads\/2021\/10\/ceremonia_hafizeve_2021-2-150x150.jpg\" class=\"attachment-thumbnail size-thumbnail\" alt=\"\" \/><\/a>\n\t\t\t<\/div><\/figure>\n\t\t<\/div>\n\n","protected":false},"excerpt":{"rendered":"<div class=\"mh-excerpt\"><p>Dit\u00ebn e shtun\u00eb, m\u00eb 2 tetor 2021, Shoqata \u201cIstanbul\u201d organizoi ceremonin\u00eb e dyt\u00eb p\u00ebr diplomimit e hafiz\u00ebve t\u00eb Qendr\u00ebs p\u00ebr Memorizimin e Kuranit Fam\u00eblart\u00eb n\u00eb Shkod\u00ebr. N\u00eb nj\u00eb atmosfer\u00ebr\u00eb shpirt\u00ebrore dhe plot g\u00ebzim, u organizua <a class=\"mh-excerpt-more\" href=\"https:\/\/myftinia-shkoder.org\/?p=9848\" title=\"Fjala e Myftiut t\u00eb Shkodr\u00ebs n\u00eb ceremonin\u00eb e promovimit t\u00eb 10 hafiz\u00ebve t\u00eb rinj\">[&#8230;]<\/a><\/p>\n<\/div>","protected":false},"author":1,"featured_media":9851,"comment_status":"closed","ping_status":"closed","sticky":false,"template":"","format":"standard","meta":{"footnotes":""},"categories":[13],"tags":[],"class_list":["post-9848","post","type-post","status-publish","format-standard","has-post-thumbnail","hentry","category-aktualitet"],"_links":{"self":[{"href":"https:\/\/myftinia-shkoder.org\/index.php?rest_route=\/wp\/v2\/posts\/9848","targetHints":{"allow":["GET"]}}],"collection":[{"href":"https:\/\/myftinia-shkoder.org\/index.php?rest_route=\/wp\/v2\/posts"}],"about":[{"href":"https:\/\/myftinia-shkoder.org\/index.php?rest_route=\/wp\/v2\/types\/post"}],"author":[{"embeddable":true,"href":"https:\/\/myftinia-shkoder.org\/index.php?rest_route=\/wp\/v2\/users\/1"}],"replies":[{"embeddable":true,"href":"https:\/\/myftinia-shkoder.org\/index.php?rest_route=%2Fwp%2Fv2%2Fcomments&post=9848"}],"version-history":[{"count":1,"href":"https:\/\/myftinia-shkoder.org\/index.php?rest_route=\/wp\/v2\/posts\/9848\/revisions"}],"predecessor-version":[{"id":9856,"href":"https:\/\/myftinia-shkoder.org\/index.php?rest_route=\/wp\/v2\/posts\/9848\/revisions\/9856"}],"wp:featuredmedia":[{"embeddable":true,"href":"https:\/\/myftinia-shkoder.org\/index.php?rest_route=\/wp\/v2\/media\/9851"}],"wp:attachment":[{"href":"https:\/\/myftinia-shkoder.org\/index.php?rest_route=%2Fwp%2Fv2%2Fmedia&parent=9848"}],"wp:term":[{"taxonomy":"category","embeddable":true,"href":"https:\/\/myftinia-shkoder.org\/index.php?rest_route=%2Fwp%2Fv2%2Fcategories&post=9848"},{"taxonomy":"post_tag","embeddable":true,"href":"https:\/\/myftinia-shkoder.org\/index.php?rest_route=%2Fwp%2Fv2%2Ftags&post=9848"}],"curies":[{"name":"wp","href":"https:\/\/api.w.org\/{rel}","templated":true}]}}